{"id":6993,"date":"2017-02-07T15:28:41","date_gmt":"2017-02-07T06:28:41","guid":{"rendered":"http:\/\/xavier.sc.kr\/wp\/francais\/?p=6993"},"modified":"2017-04-20T11:48:18","modified_gmt":"2017-04-20T02:48:18","slug":"voyage-en-france-2017","status":"publish","type":"post","link":"http:\/\/xavier.sc.kr\/wp\/francais\/?p=6993","title":{"rendered":"VOYAGE EN FRANCE 2017"},"content":{"rendered":"<p><strong>VOYAGE EN FRANCE 2017<\/strong><br \/>\nClasses : 6e et 5e<\/p>\n<p><strong>D\u00e9part de l\u2019a\u00e9roport d\u2019Incheon le 19 F\u00e9vrier \u00e0 9H45 (RDV \u00e0 7H 15)<\/strong><br \/>\nS\u00e9oul (Incheon) \u2013 Marseille<br \/>\n<span style=\"color: #993300;\">Camargue &#8211; Aix-en-Provence \u2013 Arles &#8211; Aubagne (village natal de Marcel Pagnol) &#8211; Avignon &#8211; Orange) \u2013 8 jours<\/span><br \/>\n<span style=\"color: #993300;\"> Centre Madeleine Dani\u00e9lou \u00e0 Reuil Malmaison &#8211; 3 semaines<\/span><br \/>\nParis (CDG) &#8211; S\u00e9oul (Incheon)<br \/>\n<strong>Retour \u00e0 Incheon le Samedi 18 Mars \u00e0 8H<\/strong><\/p>\n<p><a href=\"https:\/\/drive.google.com\/drive\/folders\/0ByOc_JkqwzVRTnFyamY4UTBReDQ\" target=\"_blank\"><img loading=\"lazy\" class=\"aligncenter size-full wp-image-6991\" src=\"http:\/\/xavier.sc.kr\/wp\/francais\/wp-content\/uploads\/sites\/2\/2017\/02\/\ud06c\uae30\ubcc0\ud658_voyage_en_france1.png\" alt=\"\ud06c\uae30\ubcc0\ud658_voyage_en_france1\" width=\"900\" height=\"360\" srcset=\"http:\/\/xavier.sc.kr\/wp\/francais\/wp-content\/uploads\/sites\/2\/2017\/02\/\ud06c\uae30\ubcc0\ud658_voyage_en_france1.png 900w, http:\/\/xavier.sc.kr\/wp\/francais\/wp-content\/uploads\/sites\/2\/2017\/02\/\ud06c\uae30\ubcc0\ud658_voyage_en_france1-300x120.png 300w\" sizes=\"(max-width: 900px) 100vw, 900px\" \/><\/a><\/p>\n","protected":false},"excerpt":{"rendered":"<p>VOYAGE EN FRANCE 2017 Classes : 6e et 5e D\u00e9part de l\u2019a\u00e9roport d\u2019Incheon le 19 F\u00e9vrier \u00e0 9H45 (RDV \u00e0 7H 15) S\u00e9oul (Incheon) \u2013 Marseille Camargue &#8211; Aix-en-Provence \u2013 Arles &#8211; Aubagne (village natal de Marcel Pagnol) &#8211; Avignon &#8211; Orange) \u2013 8 jours Centre Madeleine Dani\u00e9lou \u00e0 Reuil Malmaison &#8211; 3 semaines Paris (CDG) &#8211; S\u00e9oul (Incheon) Retour \u00e0 Incheon le Samedi 18 Mars \u00e0 8H<\/p>\n","protected":false},"author":1,"featured_media":6992,"comment_status":"closed","ping_status":"closed","sticky":false,"template":"","format":"standard","meta":[],"categories":[17],"tags":[],"_links":{"self":[{"href":"http:\/\/xavier.sc.kr\/wp\/francais\/index.php?rest_route=\/wp\/v2\/posts\/6993"}],"collection":[{"href":"http:\/\/xavier.sc.kr\/wp\/francais\/index.php?rest_route=\/wp\/v2\/posts"}],"about":[{"href":"http:\/\/xavier.sc.kr\/wp\/francais\/index.php?rest_route=\/wp\/v2\/types\/post"}],"author":[{"embeddable":true,"href":"http:\/\/xavier.sc.kr\/wp\/francais\/index.php?rest_route=\/wp\/v2\/users\/1"}],"replies":[{"embeddable":true,"href":"http:\/\/xavier.sc.kr\/wp\/francais\/index.php?rest_route=%2Fwp%2Fv2%2Fcomments&post=6993"}],"version-history":[{"count":3,"href":"http:\/\/xavier.sc.kr\/wp\/francais\/index.php?rest_route=\/wp\/v2\/posts\/6993\/revisions"}],"predecessor-version":[{"id":7106,"href":"http:\/\/xavier.sc.kr\/wp\/francais\/index.php?rest_route=\/wp\/v2\/posts\/6993\/revisions\/7106"}],"wp:featuredmedia":[{"embeddable":true,"href":"http:\/\/xavier.sc.kr\/wp\/francais\/index.php?rest_route=\/wp\/v2\/media\/6992"}],"wp:attachment":[{"href":"http:\/\/xavier.sc.kr\/wp\/francais\/index.php?rest_route=%2Fwp%2Fv2%2Fmedia&parent=6993"}],"wp:term":[{"taxonomy":"category","embeddable":true,"href":"http:\/\/xavier.sc.kr\/wp\/francais\/index.php?rest_route=%2Fwp%2Fv2%2Fcategories&post=6993"},{"taxonomy":"post_tag","embeddable":true,"href":"http:\/\/xavier.sc.kr\/wp\/francais\/index.php?rest_route=%2Fwp%2Fv2%2Ftags&post=6993"}],"curies":[{"name":"wp","href":"https:\/\/api.w.org\/{rel}","templated":true}]}}